{"id":1269,"date":"2024-05-05T21:06:16","date_gmt":"2024-05-05T19:06:16","guid":{"rendered":"https:\/\/aiesec-alumni.pl\/?p=1269"},"modified":"2024-05-29T21:06:39","modified_gmt":"2024-05-29T19:06:39","slug":"annual-general-assembly-jun-10-2024","status":"publish","type":"post","link":"https:\/\/aiesec-alumni.pl\/index.php\/annual-general-assembly-jun-10-2024\/","title":{"rendered":"Annual General Assembly | Jun 10 2024"},"content":{"rendered":"\n<p>Apologies, this event will be held in Polish!<\/p>\n\n\n\n<p id=\"ember731\">Serdecznie zapraszamy na doroczne Walne Zebranie Stowarzyszenia Alumni AIESEC Polska.<\/p>\n\n\n\n<p id=\"ember732\">W jego trakcie przedstawimy sprawozdanie z ostatniego roku naszej dzia\u0142alno\u015bci, a tak\u017ce przedyskutujemy zasady naszej dalszej wsp\u00f3\u0142pracy z <a href=\"https:\/\/www.linkedin.com\/company\/aaeurope\/\">AIESEC Alumni Europe<\/a>.<\/p>\n\n\n\n<p><strong>Data:<\/strong> 10 czerwca o godz. 18:00 (poniedzia\u0142ek)<\/p>\n\n\n\n<p><strong>Miejsce: <\/strong>on-line (link zosta\u0142 rozes\u0142any w zaproszeniu do cz\u0142onk\u00f3w zwyczajnych)<\/p>\n","protected":false},"excerpt":{"rendered":"<p>Apologies, this event will be held in Polish! Serdecznie zapraszamy na doroczne Walne Zebranie Stowarzyszenia Alumni AIESEC Polska. W jego trakcie przedstawimy sprawozdanie z ostatniego roku naszej dzia\u0142alno\u015bci, a tak\u017ce przedyskutujemy zasady naszej dalszej wsp\u00f3\u0142pracy z AIESEC Alumni Europe. Data: [&hellip;]<\/p>\n","protected":false},"author":6,"featured_media":1270,"comment_status":"closed","ping_status":"open","sticky":false,"template":"","format":"standard","meta":[],"categories":[1],"tags":[],"yoast_head":"<!-- This site is optimized with the Yoast SEO plugin v19.4 - https:\/\/yoast.com\/wordpress\/plugins\/seo\/ -->\n<title>Annual General Assembly | Jun 10 2024 - AIESEC Alumni Poland<\/title>\n<meta name=\"robots\" content=\"index, follow, max-snippet:-1, max-image-preview:large, max-video-preview:-1\" \/>\n<link rel=\"canonical\" href=\"https:\/\/aiesec-alumni.pl\/index.php\/annual-general-assembly-jun-10-2024\/\" \/>\n<meta property=\"og:locale\" content=\"en_US\" \/>\n<meta property=\"og:type\" content=\"article\" \/>\n<meta property=\"og:title\" content=\"Annual General Assembly | Jun 10 2024 - AIESEC Alumni Poland\" \/>\n<meta property=\"og:description\" content=\"Apologies, this event will be held in Polish! Serdecznie zapraszamy na doroczne Walne Zebranie Stowarzyszenia Alumni AIESEC Polska. W jego trakcie przedstawimy sprawozdanie z ostatniego roku naszej dzia\u0142alno\u015bci, a tak\u017ce przedyskutujemy zasady naszej dalszej wsp\u00f3\u0142pracy z AIESEC Alumni Europe. Data: [&hellip;]\" \/>\n<meta property=\"og:url\" content=\"https:\/\/aiesec-alumni.pl\/index.php\/annual-general-assembly-jun-10-2024\/\" \/>\n<meta property=\"og:site_name\" content=\"AIESEC Alumni Poland\" \/>\n<meta property=\"article:published_time\" content=\"2024-05-05T19:06:16+00:00\" \/>\n<meta property=\"article:modified_time\" content=\"2024-05-29T19:06:39+00:00\" \/>\n<meta property=\"og:image\" content=\"https:\/\/aiesec-alumni.pl\/wp-content\/uploads\/2024\/05\/Walne_2024-grafika-WWW-1600x900-1.jpg\" \/>\n\t<meta property=\"og:image:width\" content=\"1600\" \/>\n\t<meta property=\"og:image:height\" content=\"900\" \/>\n\t<meta property=\"og:image:type\" content=\"image\/jpeg\" \/>\n<meta name=\"author\" content=\"marek\" \/>\n<meta name=\"twitter:card\" content=\"summary_large_image\" \/>\n<meta name=\"twitter:label1\" content=\"Written by\" \/>\n\t<meta name=\"twitter:data1\" content=\"marek\" \/>\n\t<meta name=\"twitter:label2\" content=\"Est. reading time\" \/>\n\t<meta name=\"twitter:data2\" content=\"1 minute\" \/>\n<script type=\"application\/ld+json\" class=\"yoast-schema-graph\">{\"@context\":\"https:\/\/schema.org\",\"@graph\":[{\"@type\":\"Organization\",\"@id\":\"https:\/\/aiesec-alumni.pl\/#organization\",\"name\":\"AIESEC Alumni Poland\",\"url\":\"https:\/\/aiesec-alumni.pl\/\",\"sameAs\":[],\"logo\":{\"@type\":\"ImageObject\",\"inLanguage\":\"en-US\",\"@id\":\"https:\/\/aiesec-alumni.pl\/#\/schema\/logo\/image\/\",\"url\":\"https:\/\/aiesec-alumni.pl\/wp-content\/uploads\/2019\/11\/cropped-logo.png\",\"contentUrl\":\"https:\/\/aiesec-alumni.pl\/wp-content\/uploads\/2019\/11\/cropped-logo.png\",\"width\":200,\"height\":80,\"caption\":\"AIESEC Alumni Poland\"},\"image\":{\"@id\":\"https:\/\/aiesec-alumni.pl\/#\/schema\/logo\/image\/\"}},{\"@type\":\"WebSite\",\"@id\":\"https:\/\/aiesec-alumni.pl\/#website\",\"url\":\"https:\/\/aiesec-alumni.pl\/\",\"name\":\"AIESEC Alumni Poland\",\"description\":\"AIESEC Alumni Poland Association website\",\"publisher\":{\"@id\":\"https:\/\/aiesec-alumni.pl\/#organization\"},\"potentialAction\":[{\"@type\":\"SearchAction\",\"target\":{\"@type\":\"EntryPoint\",\"urlTemplate\":\"https:\/\/aiesec-alumni.pl\/?s={search_term_string}\"},\"query-input\":\"required name=search_term_string\"}],\"inLanguage\":\"en-US\"},{\"@type\":\"WebPage\",\"@id\":\"https:\/\/aiesec-alumni.pl\/index.php\/annual-general-assembly-jun-10-2024\/\",\"url\":\"https:\/\/aiesec-alumni.pl\/index.php\/annual-general-assembly-jun-10-2024\/\",\"name\":\"Annual General Assembly | Jun 10 2024 - AIESEC Alumni Poland\",\"isPartOf\":{\"@id\":\"https:\/\/aiesec-alumni.pl\/#website\"},\"datePublished\":\"2024-05-05T19:06:16+00:00\",\"dateModified\":\"2024-05-29T19:06:39+00:00\",\"breadcrumb\":{\"@id\":\"https:\/\/aiesec-alumni.pl\/index.php\/annual-general-assembly-jun-10-2024\/#breadcrumb\"},\"inLanguage\":\"en-US\",\"potentialAction\":[{\"@type\":\"ReadAction\",\"target\":[\"https:\/\/aiesec-alumni.pl\/index.php\/annual-general-assembly-jun-10-2024\/\"]}]},{\"@type\":\"BreadcrumbList\",\"@id\":\"https:\/\/aiesec-alumni.pl\/index.php\/annual-general-assembly-jun-10-2024\/#breadcrumb\",\"itemListElement\":[{\"@type\":\"ListItem\",\"position\":1,\"name\":\"Strona g\u0142\u00f3wna\",\"item\":\"https:\/\/aiesec-alumni.pl\/\"},{\"@type\":\"ListItem\",\"position\":2,\"name\":\"Annual General Assembly | Jun 10 2024\"}]},{\"@type\":\"Article\",\"@id\":\"https:\/\/aiesec-alumni.pl\/index.php\/annual-general-assembly-jun-10-2024\/#article\",\"isPartOf\":{\"@id\":\"https:\/\/aiesec-alumni.pl\/index.php\/annual-general-assembly-jun-10-2024\/\"},\"author\":{\"name\":\"marek\",\"@id\":\"https:\/\/aiesec-alumni.pl\/#\/schema\/person\/938b0047797f7419a4238db0da52c1e7\"},\"headline\":\"Annual General Assembly | Jun 10 2024\",\"datePublished\":\"2024-05-05T19:06:16+00:00\",\"dateModified\":\"2024-05-29T19:06:39+00:00\",\"mainEntityOfPage\":{\"@id\":\"https:\/\/aiesec-alumni.pl\/index.php\/annual-general-assembly-jun-10-2024\/\"},\"wordCount\":66,\"publisher\":{\"@id\":\"https:\/\/aiesec-alumni.pl\/#organization\"},\"articleSection\":[\"Bez kategorii\"],\"inLanguage\":\"en-US\"},{\"@type\":\"Person\",\"@id\":\"https:\/\/aiesec-alumni.pl\/#\/schema\/person\/938b0047797f7419a4238db0da52c1e7\",\"name\":\"marek\",\"image\":{\"@type\":\"ImageObject\",\"inLanguage\":\"en-US\",\"@id\":\"https:\/\/aiesec-alumni.pl\/#\/schema\/person\/image\/\",\"url\":\"https:\/\/secure.gravatar.com\/avatar\/4cd382a90af24fd5e770287ee79090cb?s=96&d=mm&r=g\",\"contentUrl\":\"https:\/\/secure.gravatar.com\/avatar\/4cd382a90af24fd5e770287ee79090cb?s=96&d=mm&r=g\",\"caption\":\"marek\"},\"url\":\"https:\/\/aiesec-alumni.pl\/index.php\/author\/marek-hojnacki\/\"}]}<\/script>\n<!-- \/ Yoast SEO plugin. -->","yoast_head_json":{"title":"Annual General Assembly | Jun 10 2024 - AIESEC Alumni Poland","robots":{"index":"index","follow":"follow","max-snippet":"max-snippet:-1","max-image-preview":"max-image-preview:large","max-video-preview":"max-video-preview:-1"},"canonical":"https:\/\/aiesec-alumni.pl\/index.php\/annual-general-assembly-jun-10-2024\/","og_locale":"en_US","og_type":"article","og_title":"Annual General Assembly | Jun 10 2024 - AIESEC Alumni Poland","og_description":"Apologies, this event will be held in Polish! Serdecznie zapraszamy na doroczne Walne Zebranie Stowarzyszenia Alumni AIESEC Polska. W jego trakcie przedstawimy sprawozdanie z ostatniego roku naszej dzia\u0142alno\u015bci, a tak\u017ce przedyskutujemy zasady naszej dalszej wsp\u00f3\u0142pracy z AIESEC Alumni Europe. Data: [&hellip;]","og_url":"https:\/\/aiesec-alumni.pl\/index.php\/annual-general-assembly-jun-10-2024\/","og_site_name":"AIESEC Alumni Poland","article_published_time":"2024-05-05T19:06:16+00:00","article_modified_time":"2024-05-29T19:06:39+00:00","og_image":[{"width":1600,"height":900,"url":"https:\/\/aiesec-alumni.pl\/wp-content\/uploads\/2024\/05\/Walne_2024-grafika-WWW-1600x900-1.jpg","type":"image\/jpeg"}],"author":"marek","twitter_card":"summary_large_image","twitter_misc":{"Written by":"marek","Est. reading time":"1 minute"},"schema":{"@context":"https:\/\/schema.org","@graph":[{"@type":"Organization","@id":"https:\/\/aiesec-alumni.pl\/#organization","name":"AIESEC Alumni Poland","url":"https:\/\/aiesec-alumni.pl\/","sameAs":[],"logo":{"@type":"ImageObject","inLanguage":"en-US","@id":"https:\/\/aiesec-alumni.pl\/#\/schema\/logo\/image\/","url":"https:\/\/aiesec-alumni.pl\/wp-content\/uploads\/2019\/11\/cropped-logo.png","contentUrl":"https:\/\/aiesec-alumni.pl\/wp-content\/uploads\/2019\/11\/cropped-logo.png","width":200,"height":80,"caption":"AIESEC Alumni Poland"},"image":{"@id":"https:\/\/aiesec-alumni.pl\/#\/schema\/logo\/image\/"}},{"@type":"WebSite","@id":"https:\/\/aiesec-alumni.pl\/#website","url":"https:\/\/aiesec-alumni.pl\/","name":"AIESEC Alumni Poland","description":"AIESEC Alumni Poland Association website","publisher":{"@id":"https:\/\/aiesec-alumni.pl\/#organization"},"potentialAction":[{"@type":"SearchAction","target":{"@type":"EntryPoint","urlTemplate":"https:\/\/aiesec-alumni.pl\/?s={search_term_string}"},"query-input":"required name=search_term_string"}],"inLanguage":"en-US"},{"@type":"WebPage","@id":"https:\/\/aiesec-alumni.pl\/index.php\/annual-general-assembly-jun-10-2024\/","url":"https:\/\/aiesec-alumni.pl\/index.php\/annual-general-assembly-jun-10-2024\/","name":"Annual General Assembly | Jun 10 2024 - AIESEC Alumni Poland","isPartOf":{"@id":"https:\/\/aiesec-alumni.pl\/#website"},"datePublished":"2024-05-05T19:06:16+00:00","dateModified":"2024-05-29T19:06:39+00:00","breadcrumb":{"@id":"https:\/\/aiesec-alumni.pl\/index.php\/annual-general-assembly-jun-10-2024\/#breadcrumb"},"inLanguage":"en-US","potentialAction":[{"@type":"ReadAction","target":["https:\/\/aiesec-alumni.pl\/index.php\/annual-general-assembly-jun-10-2024\/"]}]},{"@type":"BreadcrumbList","@id":"https:\/\/aiesec-alumni.pl\/index.php\/annual-general-assembly-jun-10-2024\/#breadcrumb","itemListElement":[{"@type":"ListItem","position":1,"name":"Strona g\u0142\u00f3wna","item":"https:\/\/aiesec-alumni.pl\/"},{"@type":"ListItem","position":2,"name":"Annual General Assembly | Jun 10 2024"}]},{"@type":"Article","@id":"https:\/\/aiesec-alumni.pl\/index.php\/annual-general-assembly-jun-10-2024\/#article","isPartOf":{"@id":"https:\/\/aiesec-alumni.pl\/index.php\/annual-general-assembly-jun-10-2024\/"},"author":{"name":"marek","@id":"https:\/\/aiesec-alumni.pl\/#\/schema\/person\/938b0047797f7419a4238db0da52c1e7"},"headline":"Annual General Assembly | Jun 10 2024","datePublished":"2024-05-05T19:06:16+00:00","dateModified":"2024-05-29T19:06:39+00:00","mainEntityOfPage":{"@id":"https:\/\/aiesec-alumni.pl\/index.php\/annual-general-assembly-jun-10-2024\/"},"wordCount":66,"publisher":{"@id":"https:\/\/aiesec-alumni.pl\/#organization"},"articleSection":["Bez kategorii"],"inLanguage":"en-US"},{"@type":"Person","@id":"https:\/\/aiesec-alumni.pl\/#\/schema\/person\/938b0047797f7419a4238db0da52c1e7","name":"marek","image":{"@type":"ImageObject","inLanguage":"en-US","@id":"https:\/\/aiesec-alumni.pl\/#\/schema\/person\/image\/","url":"https:\/\/secure.gravatar.com\/avatar\/4cd382a90af24fd5e770287ee79090cb?s=96&d=mm&r=g","contentUrl":"https:\/\/secure.gravatar.com\/avatar\/4cd382a90af24fd5e770287ee79090cb?s=96&d=mm&r=g","caption":"marek"},"url":"https:\/\/aiesec-alumni.pl\/index.php\/author\/marek-hojnacki\/"}]}},"_links":{"self":[{"href":"https:\/\/aiesec-alumni.pl\/index.php\/wp-json\/wp\/v2\/posts\/1269"}],"collection":[{"href":"https:\/\/aiesec-alumni.pl\/index.php\/wp-json\/wp\/v2\/posts"}],"about":[{"href":"https:\/\/aiesec-alumni.pl\/index.php\/wp-json\/wp\/v2\/types\/post"}],"author":[{"embeddable":true,"href":"https:\/\/aiesec-alumni.pl\/index.php\/wp-json\/wp\/v2\/users\/6"}],"replies":[{"embeddable":true,"href":"https:\/\/aiesec-alumni.pl\/index.php\/wp-json\/wp\/v2\/comments?post=1269"}],"version-history":[{"count":1,"href":"https:\/\/aiesec-alumni.pl\/index.php\/wp-json\/wp\/v2\/posts\/1269\/revisions"}],"predecessor-version":[{"id":1271,"href":"https:\/\/aiesec-alumni.pl\/index.php\/wp-json\/wp\/v2\/posts\/1269\/revisions\/1271"}],"wp:featuredmedia":[{"embeddable":true,"href":"https:\/\/aiesec-alumni.pl\/index.php\/wp-json\/wp\/v2\/media\/1270"}],"wp:attachment":[{"href":"https:\/\/aiesec-alumni.pl\/index.php\/wp-json\/wp\/v2\/media?parent=1269"}],"wp:term":[{"taxonomy":"category","embeddable":true,"href":"https:\/\/aiesec-alumni.pl\/index.php\/wp-json\/wp\/v2\/categories?post=1269"},{"taxonomy":"post_tag","embeddable":true,"href":"https:\/\/aiesec-alumni.pl\/index.php\/wp-json\/wp\/v2\/tags?post=1269"}],"curies":[{"name":"wp","href":"https:\/\/api.w.org\/{rel}","templated":true}]}}